{"id":485,"date":"2026-04-02T21:31:32","date_gmt":"2026-04-02T20:31:32","guid":{"rendered":"https:\/\/www.farmersforum.ie\/trends\/between-climate-ambitions-and-reality-europe-struggles-to-meet-essential-air-quality-standards\/"},"modified":"2026-04-02T21:31:34","modified_gmt":"2026-04-02T20:31:34","slug":"between-climate-ambitions-and-reality-europe-struggles-to-meet-essential-air-quality-standards","status":"publish","type":"post","link":"https:\/\/www.farmersforum.ie\/trends\/between-climate-ambitions-and-reality-europe-struggles-to-meet-essential-air-quality-standards\/","title":{"rendered":"Between Climate Ambitions and Reality: Europe Struggles to Meet Essential Air Quality Standards"},"content":{"rendered":"<p><strong>Europe sets ambitious climate targets, but air quality remains a worrying blind spot. Despite repeated scientific warnings, few countries meet the health thresholds. Between public policy and climate phenomena, the gap is dangerously widening.<\/strong><\/p>\n<figure class=\"wp-block-image size-large\"><\/figure>\n<h2 class=\"wp-block-heading\">Un constat alarmant : seuls deux pays europ\u00e9ens respectent les seuils OMS sur les particules fines<\/h2>\n<p>En 2025, d\u2019abord, un constat attire l\u2019attention des observateurs de la qualit\u00e9 de l\u2019air. Selon plusieurs analyses internationales, seuls deux pays europ\u00e9ens respectent les seuils fix\u00e9s par l\u2019OMS : l\u2019Islande et l\u2019Estonie. D\u00e8s lors, cette situation r\u00e9v\u00e8le une <strong>d\u00e9faillance syst\u00e9mique europ\u00e9enne<\/strong> difficile \u00e0 ignorer.<\/p>\n<section class=\"incontent-related\"><span class=\"incontent-related__title\">Read also<\/span> <span class=\"incontent-related__desc\">The planet enters an unprecedented risk zone: at ChangeNOW 2026, an expert warns about balances already exceeded<\/span><\/section>\n<p>Par ailleurs, l\u2019\u00e9tude repose sur des donn\u00e9es massives collect\u00e9es dans des milliers de villes. Plus de 40 000 stations ont mesur\u00e9 les concentrations de particules fines, notamment les PM2,5. Ainsi, l\u2019ensemble constitue une <strong>base scientifique globale robuste<\/strong> et particuli\u00e8rement fiable.<\/p>\n<h2 class=\"wp-block-heading\">Transports, \u00e9nergie et agriculture : les principales sources structurelles de pollution en Europe<\/h2>\n<p>En r\u00e9alit\u00e9, la pollution atmosph\u00e9rique ne d\u00e9pend pas d\u2019une seule cause. Elle provient de plusieurs secteurs majeurs. Notamment, les transports routiers, la production d\u2019\u00e9nergie et certaines pratiques agricoles dominent. Par cons\u00e9quent, ces activit\u00e9s d\u00e9gradent durablement la <strong>qualit\u00e9 de l\u2019air urbain<\/strong> dans la plupart des grandes villes.<\/p>\n<p>De plus, les institutions sanitaires europ\u00e9ennes tirent la sonnette d\u2019alarme. Elles rappellent que ces \u00e9missions \u00e9chappent largement au contr\u00f4le individuel. Ainsi, une <strong>action publique concert\u00e9e internationale<\/strong> reste indispensable pour obtenir des r\u00e9sultats concrets et durables.<\/p>\n<section class=\"incontent-related\"><span class=\"incontent-related__title\">Read also<\/span> <span class=\"incontent-related__desc\">En nettoyant son ciel, la Chine a retir\u00e9 sans le savoir un bouclier qui freinait le r\u00e9chauffement climatique<\/span><\/section>\n<p>Enfin, des \u00e9tudes publi\u00e9es dans The Lancet Planetary Health ou Environmental Research confirment la tendance. En effet, l\u2019exposition aux particules fines reste stable dans plusieurs r\u00e9gions. D\u00e8s lors, cette situation traduit une <strong>inefficacit\u00e9 des politiques actuelles<\/strong> face \u00e0 des sources persistantes.<\/p>\n<h2 class=\"wp-block-heading\">Feux de for\u00eat et changement climatique : des facteurs aggravants majeurs de la pollution de l\u2019air<\/h2>\n<p>Par ailleurs, l\u2019ann\u00e9e 2025 a \u00e9t\u00e9 marqu\u00e9e par de nombreux feux de for\u00eat. En effet, le changement climatique amplifie leur fr\u00e9quence et leur intensit\u00e9. Ainsi, ces incendies lib\u00e8rent d\u2019importantes quantit\u00e9s de carbone et de particules fines. Ils illustrent donc une <strong>crise environnementale interconnect\u00e9e<\/strong> \u00e0 l\u2019\u00e9chelle mondiale.<\/p>\n<p>De surcro\u00eet, les donn\u00e9es montrent des \u00e9missions record li\u00e9es \u00e0 la combustion de biomasse. Progressivement, ces \u00e9pisodes deviennent plus fr\u00e9quents et plus \u00e9tendus. Par cons\u00e9quent, ils r\u00e9v\u00e8lent une <strong>vuln\u00e9rabilit\u00e9 climatique croissante<\/strong> qui complique les efforts de r\u00e9duction de la pollution.<\/p>\n<section class=\"incontent-related\"><span class=\"incontent-related__title\">Read also<\/span> <span class=\"incontent-related__desc\">Ormuz se referme, la guerre bouscule l\u2019\u00e9nergie fossile et r\u00e9v\u00e8le la vraie menace que pose le solaire<\/span><\/section>\n<h2 class=\"wp-block-heading\">Sant\u00e9 humaine et environnement : des impacts graves et document\u00e9s par la recherche scientifique<\/h2>\n<p>D\u2019un point de vue sanitaire, l\u2019exposition prolong\u00e9e aux particules fines repr\u00e9sente un danger majeur. En effet, les \u00e9tudes montrent une hausse des maladies respiratoires et cardiovasculaires. De m\u00eame, les cancers pulmonaires sont concern\u00e9s. Ainsi, la <strong>pollution atmosph\u00e9rique chronique<\/strong> devient un enjeu central de sant\u00e9 publique.<\/p>\n<p>Par ailleurs, des organismes comme Airparif analysent aussi les impacts environnementaux. Notamment, les particules noircissent les fa\u00e7ades et s\u2019accumulent sur les b\u00e2timents. De ce fait, ces effets traduisent une <strong>alt\u00e9ration des environnements urbains<\/strong> visible au quotidien.<\/p>\n<p>Enfin, certaines r\u00e9gions du monde pr\u00e9sentent pourtant de bons r\u00e9sultats. Par exemple, des territoires insulaires ou peu industrialis\u00e9s affichent un air plus sain. Ainsi, ces exemples prouvent qu\u2019une <strong>transition \u00e9cologique effective<\/strong> reste possible avec des choix structurels forts.<\/p>\n<section class=\"incontent-related\"><span class=\"incontent-related__title\">Read also<\/span> <span class=\"incontent-related__desc\">Du jamais-vu depuis 3,6 millions d\u2019ann\u00e9es : le changement climatique ralentit la rotation terrestre<\/span><\/section>\n","protected":false},"excerpt":{"rendered":"","protected":false},"author":1,"featured_media":486,"comment_status":"open","ping_status":"open","sticky":false,"template":"","format":"standard","meta":{"footnotes":""},"categories":[1],"tags":[621,615,590,620,617,619,622,616,623,618],"class_list":["post-485","post","type-post","status-publish","format-standard","has-post-thumbnail","hentry","category-news","tag-air","tag-ambitions","tag-climate","tag-essential","tag-europe","tag-meet","tag-quality","tag-reality","tag-standards","tag-struggles","generate-columns","tablet-grid-50","mobile-grid-100","grid-parent","grid-50"],"_links":{"self":[{"href":"https:\/\/www.farmersforum.ie\/trends\/wp-json\/wp\/v2\/posts\/485","targetHints":{"allow":["GET"]}}],"collection":[{"href":"https:\/\/www.farmersforum.ie\/trends\/wp-json\/wp\/v2\/posts"}],"about":[{"href":"https:\/\/www.farmersforum.ie\/trends\/wp-json\/wp\/v2\/types\/post"}],"author":[{"embeddable":true,"href":"https:\/\/www.farmersforum.ie\/trends\/wp-json\/wp\/v2\/users\/1"}],"replies":[{"embeddable":true,"href":"https:\/\/www.farmersforum.ie\/trends\/wp-json\/wp\/v2\/comments?post=485"}],"version-history":[{"count":1,"href":"https:\/\/www.farmersforum.ie\/trends\/wp-json\/wp\/v2\/posts\/485\/revisions"}],"predecessor-version":[{"id":487,"href":"https:\/\/www.farmersforum.ie\/trends\/wp-json\/wp\/v2\/posts\/485\/revisions\/487"}],"wp:featuredmedia":[{"embeddable":true,"href":"https:\/\/www.farmersforum.ie\/trends\/wp-json\/wp\/v2\/media\/486"}],"wp:attachment":[{"href":"https:\/\/www.farmersforum.ie\/trends\/wp-json\/wp\/v2\/media?parent=485"}],"wp:term":[{"taxonomy":"category","embeddable":true,"href":"https:\/\/www.farmersforum.ie\/trends\/wp-json\/wp\/v2\/categories?post=485"},{"taxonomy":"post_tag","embeddable":true,"href":"https:\/\/www.farmersforum.ie\/trends\/wp-json\/wp\/v2\/tags?post=485"}],"curies":[{"name":"wp","href":"https:\/\/api.w.org\/{rel}","templated":true}]}}